{"id":32976,"title":"Unwanted loneliness among youth: the new Ayuda en Acci\u00f3n report","type":"actualidad","template":"","content":"Some 25.5% of Spanish youth between the ages of 16 and 29 claim to have felt unwanted loneliness and 69% of young people have felt lonely at some point in their lives. This is confirmed by the<strong> first report in Spain on unwanted loneliness in young people<\/strong> prepared by the <a href=\"https:\/\/www.soledades.es\/\" target=\"_blank\" rel=\"noopener\">State Observatory of Loneliness<\/a> and promoted by Ayuda en Acci\u00f3n and <a href=\"https:\/\/www.fundaciononce.es\/es\" target=\"_blank\" rel=\"noopener\">Fundaci\u00f3n ONCE<\/a>.\r\n\u201cThis report not only provides us with a novel and relevant view of great impact on our youth. It also alerts us to the great importance of the impact of <strong>inequalities and poverty<\/strong> along with aspects such as gender, sexual orientation or origin,\u201d says Mat\u00edas Figueroa, Director of European Programs at Ayuda en Acci\u00f3n.\r\n<h2>A study that sheds light on a problem that has been silenced<\/h2>\r\nFor the preparation of the study, telephone interviews were conducted with a total of 1800 people between 16 and 29 years of age living in Spain. Among the main objectives of the report are to make visible the incidence of loneliness in Spanish youth, what is their perception of it and to investigate the causes and correlations with mental health or social inequalities to, from there, identify solutions and recommendations.\r\n\r\n\u201cThe study shows that unwanted loneliness has a direct relationship with access to employment and, therefore, with inequality and poverty. Young people in a situation of unemployment and vulnerability suffer much more pronounced loneliness than the average,\u201d explains the NGO spokesperson. \u201cWe must remember once again that the unemployment rate of youth between 16 and 29 years of age is double that of the rest of the population due to a series of disadvantages and inequalities detailed in our<a href=\"\/desventajas-mercado-laboral-amercia-latina-espana\/\"> study of disadvantaged transitions<\/a>. In addition, access to basic goods such as housing is far from guaranteed to develop a life\u201d.\r\n<h2>Relevant data on unwanted loneliness<\/h2>\r\nThe study on youth and unwanted loneliness in Spain yields several conclusions related to different states of loneliness in social relationships, education, employment, poverty or state of health.\r\n\r\nThree out of every four young people who say they suffer from unwanted loneliness (75.8%) say they have been feeling it for more than a year. Almost half (45.7%) have been lonely for more than three years. In this regard, the report's authoring committee clarifies that the pandemic is the cause of this situation for only 20.4%, which means that 79.6% of respondents do not attribute their loneliness to the coronavirus. As for the intensity and worst moments of the feeling of loneliness, 71.4% of the young people who feel lonely say that they suffer from this problem \u201cfrequently\". Some 30.5% of them feel loneliness especially at night.\r\n\r\nThe relationship with work and poverty has a strong correspondence with unwanted loneliness: unemployed people suffer a prevalence of loneliness 5 points higher than those who study or work. And the prevalence of unwanted loneliness among young people from households with economic difficulties is almost twice as high as among young people from households that make ends meet easily (36% vs. 19.4%).\r\n\r\nThe study also highlights the relationship between mental health problems and unwanted loneliness among young people. Thus, young people with perceived or diagnosed mental health problems are 2.5 times more likely to suffer unwanted loneliness, those who suffer from anxiety or depression 89.2% more. On the other hand, those who acknowledge having low self-esteem are 83.2% more likely and those who have had suicidal thoughts are 81.1% more likely.\r\n\r\nIn addition, loneliness affects more women (31.1%) than men (20.2%). Likewise, people of foreign origin or LGTBI suffer higher rates of loneliness. \u201cIt is very important that we take note that origin, gender or sexual orientation have a significant effect on unwanted loneliness in youth and the relationship this has with what kind of society we have or want,\u201d says the Director of European Programs.\r\n<h2>Inequality and its relationship between unwanted loneliness and education<\/h2>\r\nAyuda en Acci\u00f3n points out that there is a strong relationship between loneliness, educational level and the conditions in which the education of youth is developed. \u201cThe relationship between school or workplace bullying and unwanted loneliness in youth is enormous,\u201d Figueroa says. The percentage of those who have been bullied at school or at work at some time in their lives is almost twice as high in the group of young people who suffer from unwanted loneliness (58.1%) as in the group of those who do not (32.1%).\r\n\r\nIn addition, the survey shows a relationship between educational level and loneliness. University-educated youth experience the lowest levels of loneliness. \u201cIt is a question of access to higher education and social inequality, but also of accompaniment and means in relation to dropping out of school,\u201d continues Mat\u00edas Figueroa. Youth who have repeated a grade suffer a prevalence of unwanted loneliness 10 points higher than those who have not repeated. There is also a relationship with early school leaving and low academic performance.\r\n\r\nAs Ayuda en Acci\u00f3n recalled on<a href=\"https:\/\/ayudaenaccion.org\/en\/news\/quality-education-challenges\/\"> Education Day<\/a>, in Spain the EU SDG indicators show a trend of improvement in the results of the SDG 4. However, they also warn that it is necessary to make greater efforts to achieve the goals for 2030. Especially in terms of reducing school dropout rates, where Spain is still far from the target of only 9%, standing at 13.9%. Furthermore, the organization warns that these data are related to a basic school infrastructure and a series of opportunities that are neither universal nor equal. All this is the result of the decrease in overall spending on education in the last ten years and the disparities between autonomous communities in social policies.\r\n<h2>Requests and lines of work for the year 2024<\/h2>\r\n<strong><a href=\"\/informes\/soledad-no-deseada-en-jovenes\/\">Ayuda en Acci\u00f3n works with youth in vulnerable situations<\/a> through vocational guidance and psychosocial support<\/strong>. \"We develop individualized and group programs to work with young people in the different educational stages. We complement the contents that are already being worked on through the teaching teams with active learning methodologies,\u201d says Mat\u00edas Figueroa. The organization works with challenge-based learning and service learning to try to motivate students and facilitate the acquisition of key competencies and skills to link them with the real needs that exist in the environment. \u201c<strong>The articulation with the local business world is key for the social and labor insertion of students<\/strong>. For this reason, we try to involve all social agents within the base that is the educational center,\u201d he adds.\r\n\r\nIn addition, Ayuda en Acci\u00f3n accompanies young people through the adaptation of these aforementioned measures with the aim of reactivating their employability conditions and thus facilitating their educational or socio-labor insertion.\r\n<h2>Presentation of the report in Andalusia<\/h2>\r\n<img class=\"size-medium wp-image-26802 aligncenter\" src=\"https:\/\/ayudaenaccion.org\/uploads\/2024\/02\/Reunion-ONCE-AeA-y-consejera-de-Inclusion_Informe-jovenes-y-soledad-4-480x320.jpg\" alt=\"\" width=\"480\" height=\"320\" \/>\r\n\r\n&nbsp;\r\n\r\nOn February 21, we presented the report to the Andalusian Regional Minister for Social Inclusion, Youth, Families and Equality, Loles L\u00f3pez. ONCE delegate in Andalusia, Ceuta and Melilla, Crist\u00f3bal Mart\u00ednez, and the delegate of Ayuda en Acci\u00f3n in Andalusia, Jos\u00e9 Manuel Rom\u00e1n, explained the key points of the research and reflected with the minister on the importance of joining forces to tackle this silenced problem.\r\n<h2>Presentation of the report in Asturias<\/h2>\r\n<img class=\"size-medium wp-image-27790 aligncenter\" src=\"https:\/\/ayudaenaccion.org\/uploads\/2024\/02\/Foto-presentacion-informe-480x360.jpg\" alt=\"\" width=\"480\" height=\"360\" \/>\r\n\r\n&nbsp;\r\n\r\nThe report also reached Oviedo, Asturias, where it was presented on March 18 at a joint event organized by Fundaci\u00f3n ONCE and Ayuda en Acci\u00f3n.\r\n\r\nAbout a hundred people attended the event, which was attended by: Matilde Fern\u00e1ndez, president of the State Observatory of Unwanted Loneliness; Yobanka Cuervo \u00c1lvarez, ONCE delegate in Asturias; Marta Malgor V\u00e1zquez, president of the ONCE Territorial Council in Asturias; Elena Rua Arru\u00f1ada, Ayuda en Acci\u00f3n delegate in Asturias; Enrique Rodr\u00edguez Nu\u00f1o, General Director of Promotion of Personal Autonomy and the Elderly of the Principality of Asturias; Isabel Gonz\u00e1lez Castillo, technician of the Youth Council of Oviedo; and Adri\u00e1n Tu\u00f1\u00f3n, consultant of Fresno, the right link.\r\n\r\n&nbsp;","excerpt":"","slug":"unwanted-loneliness-youth-report","image":{"alt":"Estudio sobre juventud y soledad no deseada en Espa\u00f1a","caption":"","height":850,"src":{"thumbnail":"https:\/\/ayudaenaccion.org\/uploads\/2024\/02\/informe-soledad-hero-1280x850-v1-150x100.jpg","small":"https:\/\/ayudaenaccion.org\/uploads\/2024\/02\/informe-soledad-hero-1280x850-v1-480x319.jpg","medium":"https:\/\/ayudaenaccion.org\/uploads\/2024\/02\/informe-soledad-hero-1280x850-v1-1024x680.jpg","large":"https:\/\/ayudaenaccion.org\/uploads\/2024\/02\/informe-soledad-hero-1280x850-v1.jpg","original":"https:\/\/ayudaenaccion.org\/uploads\/2024\/02\/informe-soledad-hero-1280x850-v1.jpg"},"width":1280},"date":"2024-02-08 12:38:15","":{"actualidad_description_image":""},"_links":{"self":[{"href":"https:\/\/ayudaenaccion.org\/en\/wp-json\/wp\/v2\/actualidad\/32976","targetHints":{"allow":["GET"]}}],"collection":[{"href":"https:\/\/ayudaenaccion.org\/en\/wp-json\/wp\/v2\/actualidad"}],"about":[{"href":"https:\/\/ayudaenaccion.org\/en\/wp-json\/wp\/v2\/types\/actualidad"}],"wp:featuredmedia":[{"embeddable":true,"href":"https:\/\/ayudaenaccion.org\/en\/wp-json\/wp\/v2\/media\/26407"}],"wp:attachment":[{"href":"https:\/\/ayudaenaccion.org\/en\/wp-json\/wp\/v2\/media?parent=32976"}],"curies":[{"name":"wp","href":"https:\/\/api.w.org\/{rel}","templated":true}]}}